{"id":131,"count":10,"description":"Jaime Winter Le\u00f3n \u00e9 doutor e mestre em Economia pela UFRJ e UNICAMP, respectivamente, e bacharel em Ci\u00eancias Econ\u00f4micas pela UFRJ. Professor da UFRJ e coordenador o GT \"Economia Pol\u00edtica das Rela\u00e7\u00f5es Raciais\",  dedica-se \u00e0s \u00e1reas de Forma\u00e7\u00e3o Econ\u00f4mica do Brasil, Economia Brasileira Contempor\u00e2nea, com especial aten\u00e7\u00e3o \u00e0 rela\u00e7\u00e3o entre capitalismo e escravid\u00e3o. Suas pesquisas abordam os fundamentos hist\u00f3ricos e estruturais das desigualdades raciais no desenvolvimento econ\u00f4mico brasileiro.","link":"https:\/\/ange.org.br\/ange\/category\/jaime-winter-leon\/","name":"Jaime Winter Le\u00f3n","slug":"jaime-winter-leon","taxonomy":"category","parent":0,"meta":[],"acf":[],"_links":{"self":[{"href":"https:\/\/ange.org.br\/ange\/wp-json\/wp\/v2\/categories\/131","targetHints":{"allow":["GET"]}}],"collection":[{"href":"https:\/\/ange.org.br\/ange\/wp-json\/wp\/v2\/categories"}],"about":[{"href":"https:\/\/ange.org.br\/ange\/wp-json\/wp\/v2\/taxonomies\/category"}],"wp:post_type":[{"href":"https:\/\/ange.org.br\/ange\/wp-json\/wp\/v2\/posts?categories=131"}],"curies":[{"name":"wp","href":"https:\/\/api.w.org\/{rel}","templated":true}]}}