{"id":330,"date":"2023-10-08T23:11:39","date_gmt":"2023-10-08T23:11:39","guid":{"rendered":"https:\/\/ange.org.br\/?p=330"},"modified":"2023-10-08T23:11:39","modified_gmt":"2023-10-08T23:11:39","slug":"programa-de-disciplinas","status":"publish","type":"post","link":"https:\/\/ange.org.br\/ange\/2023\/10\/08\/programa-de-disciplinas\/","title":{"rendered":"Programas de disciplinas"},"content":{"rendered":"\n<figure class=\"wp-block-table is-style-stripes\"><table class=\"has-background\" style=\"background-color:#c8b5f6\"><thead><tr><th>Disciplina<\/th><th>Nivel<\/th><th>Institui\u00e7\u00e3o<\/th><\/tr><\/thead><tbody><tr><td><strong><a href=\"https:\/\/ange.org.br\/wp-content\/uploads\/2023\/09\/FACAMP_NPEGen_1o.sem2022.pdf\">Desigualdade de g\u00eanero, trabalho e pol\u00edticas p\u00fablicas<\/a><\/strong><\/td><td>Gradua\u00e7\u00e3o<\/td><td>Facamp<\/td><\/tr><tr><td><strong><a href=\"https:\/\/ange.org.br\/wp-content\/uploads\/2023\/09\/Copia-de-IE-UFRJ_Olivera_Economia-e-feminismos-2021.pdf\">Economia e Feminismos<\/a><\/strong><\/td><td>Gradua\u00e7\u00e3o<\/td><td>UFRJ<\/td><\/tr><tr><td><a href=\"https:\/\/ange.org.br\/wp-content\/uploads\/2023\/09\/UFRJ-PEPI_Disciplina-Economia-Feminista_Feminismo-Decolonial.pdf\"><strong>Economia Feminista, Feminismo Decolonial e Globaliza\u00e7\u00e3o<\/strong><\/a><\/td><td>P\u00f3s-gradua\u00e7\u00e3o<\/td><td>UFRJ<\/td><\/tr><tr><td><a href=\"https:\/\/ange.org.br\/wp-content\/uploads\/2023\/09\/UFF_Programa_Genero-e-Economia.pdf\"><strong>T\u00f3picos Especiais em Economia Social: g\u00eanero e economia<\/strong><\/a><\/td><td><\/td><td>UFF<\/td><\/tr><tr><td><strong><a href=\"https:\/\/ange.org.br\/wp-content\/uploads\/2023\/09\/UNICAMP_CE861_Programa_v1.pdf\">T\u00f3picos Especiais de Economia VI (Mulheres na sociedade, no trabalho e na atividade econ\u00f4mica)<\/a><\/strong><\/td><td>Gradua\u00e7\u00e3o<\/td><td>Unicamp<\/td><\/tr><tr><td><strong><a href=\"https:\/\/ange.org.br\/wp-content\/uploads\/2023\/09\/Economia-Feminista-UFSC.pdf\">Economia feminista<\/a><\/strong> <\/td><td>Gradua\u00e7\u00e3o<\/td><td>UFSC<\/td><\/tr><tr><td><strong><a href=\"https:\/\/ange.org.br\/wp-content\/uploads\/2023\/09\/HPE-e-Mulheres-UFSC.pdf\">HPE e Mulheres<\/a><\/strong><\/td><td>Gradua\u00e7\u00e3o<\/td><td>UFSC<\/td><\/tr><tr><td><strong><a href=\"https:\/\/ange.org.br\/wp-content\/uploads\/2023\/09\/Genero-e-Politicas-Publicas-UFSC.pdf\">T\u00f3picos Especiais em Economia Feminista (G\u00eanero e Pol\u00edticas P\u00fablicas)<\/a><\/strong><\/td><td>Gradua\u00e7\u00e3o<\/td><td>UFSC<\/td><\/tr><tr><td><strong><a href=\"https:\/\/ange.org.br\/wp-content\/uploads\/2023\/09\/Plano-de-ensino-Economia-e-Genero-Economia-Noturno-20231.pdf\">Economia e G\u00eanero<\/a><\/strong><\/td><td><\/td><td>Universidade Federal de S\u00e3o Jo\u00e3o del-Rei<\/td><\/tr><tr><td><strong><a href=\"https:\/\/ange.org.br\/wp-content\/uploads\/2023\/09\/Minicurso_ECONOMIA-FEMINISTA-As-Pensadoras_Ementa.pdf\">Economia feminista<\/a><\/strong><\/td><td>Mini curso livre (extens\u00e3o)<\/td><td>As pensadores<\/td><\/tr><\/tbody><\/table><\/figure>\n","protected":false},"excerpt":{"rendered":"<p>Esta p\u00e1gina re\u00fane ementas e planos de ensino de disciplinas sobre economia feminista e estudos de g\u00eanero ofertadas por universidades brasileiras. Os cursos, de gradua\u00e7\u00e3o, p\u00f3s e extens\u00e3o, abordam temas como desigualdade de g\u00eanero, trabalho, pol\u00edticas p\u00fablicas, feminismo decolonial e economia social.<\/p>\n","protected":false},"author":1,"featured_media":39636,"comment_status":"open","ping_status":"open","sticky":false,"template":"","format":"standard","meta":{"_acf_changed":false,"footnotes":""},"categories":[44],"tags":[],"class_list":["post-330","post","type-post","status-publish","format-standard","has-post-thumbnail","hentry","category-economia-feminista"],"acf":[],"_links":{"self":[{"href":"https:\/\/ange.org.br\/ange\/wp-json\/wp\/v2\/posts\/330","targetHints":{"allow":["GET"]}}],"collection":[{"href":"https:\/\/ange.org.br\/ange\/wp-json\/wp\/v2\/posts"}],"about":[{"href":"https:\/\/ange.org.br\/ange\/wp-json\/wp\/v2\/types\/post"}],"author":[{"embeddable":true,"href":"https:\/\/ange.org.br\/ange\/wp-json\/wp\/v2\/users\/1"}],"replies":[{"embeddable":true,"href":"https:\/\/ange.org.br\/ange\/wp-json\/wp\/v2\/comments?post=330"}],"version-history":[{"count":0,"href":"https:\/\/ange.org.br\/ange\/wp-json\/wp\/v2\/posts\/330\/revisions"}],"wp:featuredmedia":[{"embeddable":true,"href":"https:\/\/ange.org.br\/ange\/wp-json\/wp\/v2\/media\/39636"}],"wp:attachment":[{"href":"https:\/\/ange.org.br\/ange\/wp-json\/wp\/v2\/media?parent=330"}],"wp:term":[{"taxonomy":"category","embeddable":true,"href":"https:\/\/ange.org.br\/ange\/wp-json\/wp\/v2\/categories?post=330"},{"taxonomy":"post_tag","embeddable":true,"href":"https:\/\/ange.org.br\/ange\/wp-json\/wp\/v2\/tags?post=330"}],"curies":[{"name":"wp","href":"https:\/\/api.w.org\/{rel}","templated":true}]}}