{"id":341,"date":"2023-10-10T23:52:58","date_gmt":"2023-10-10T23:52:58","guid":{"rendered":"https:\/\/ange.org.br\/?p=341"},"modified":"2023-10-10T23:52:58","modified_gmt":"2023-10-10T23:52:58","slug":"midia","status":"publish","type":"post","link":"https:\/\/ange.org.br\/ange\/2023\/10\/10\/midia\/","title":{"rendered":"M\u00eddia"},"content":{"rendered":"\n<figure class=\"wp-block-table is-style-stripes\"><table class=\"has-background\" style=\"background-color:#c8b5f6\"><thead><tr><th>Ano<\/th><th>Tipo<\/th><th>T\u00edtulo<\/th><th>Participante<\/th><th>Link de acesso<\/th><\/tr><\/thead><tbody><tr><td>2023<\/td><td>Podcast<\/td><td><strong>Economia Feminista<\/strong><\/td><td>Brena Paula Magno Fernandez<\/td><td><a href=\"https:\/\/open.spotify.com\/episode\/0rKQVVN53dxGHzMtNj68gB\">Acessar<\/a><\/td><\/tr><tr><td>2023<\/td><td>Entrevista<\/td><td><strong>Se maternidade fosse paga, sal\u00e1rio de m\u00e3e seria maior que de m\u00e9dico do SUS<\/strong><\/td><td>Brena Paula Magno Fernandez<\/td><td><a href=\"https:\/\/www.uol.com.br\/universa\/noticias\/redacao\/2023\/05\/14\/quanto-uma-mulher-deveria-ganhar-por-ser-mae-no-minimo-r-73-mil.htm\">Acessar<\/a><\/td><\/tr><tr><td>2023<\/td><td>Entrevista<\/td><td><strong>Com Bolsonaro, 1 a cada 5 fam\u00edlias lideradas por mulheres negras passou fome<\/strong><\/td><td>Marilane Oliveira Teixeira<\/td><td><a href=\"https:\/\/www.cut.org.br\/noticias\/com-bolsonaro-1-a-cada-5-familias-lideradas-por-mulheres-negras-passou-fome-bff2\">Acessar<\/a><\/td><\/tr><tr><td>2023<\/td><td>Entrevistas<\/td><td><strong>Queda da infla\u00e7\u00e3o e taxa juros: impacto sobre as mulheres<\/strong><\/td><td>Marilane Oliveira Teixeira e Joana Mostafa<\/td><td><a href=\"https:\/\/www.youtube.com\/watch?v=VHtcWG-INGY\">Acessar<\/a><\/td><\/tr><tr><td>2023<\/td><td>Entevista<\/td><td><strong>Condi\u00e7\u00f5es de Trabalho para as Mulheres<\/strong><\/td><td>Marilane Oliveira Teixeira<\/td><td><a href=\"https:\/\/www.youtube.com\/watch?v=X21UQFGZikQ\">Acessar<\/a><\/td><\/tr><tr><td>2023<\/td><td>Live<\/td><td><strong>Economia, Feminismo e Mercado de Trabalho<\/strong><\/td><td>Marilane Oliveira Teixeira<\/td><td><a href=\"https:\/\/sisejufe.org.br\/noticias\/e-hoje-escuta-mulher-encontro-virtual-que-sera-realizado-nesta-quarta-28-06-tera-como-tema-economia-feminismo-e-mercado-de-trabalho\/\">Acessar<\/a><\/td><\/tr><tr><td>2022<\/td><td>Entrevista<\/td><td><strong>Pol\u00edticas p\u00fablicas e as Mulheres<\/strong><\/td><td>Marilane Oliveira Teixeira<\/td><td><\/td><\/tr><tr><td>2022<\/td><td>Entrevista<\/td><td><strong>Economista explica por que mulheres s\u00e3o as maiores v\u00edtimas do endividamento<\/strong><\/td><td>Marilane Oliveira Teixeira<\/td><td><a href=\"https:\/\/pt.org.br\/economista-explica-por-que-mulheres-sao-as-maiores-vitimas-do-endividamento\/\">Acessar<\/a><\/td><\/tr><tr><td>2021<\/td><td>Entrevista<\/td><td><strong>A Ascens\u00e3o da Economia Feminista<\/strong><\/td><td>Brena Paula Magno Fernandez<\/td><td><a href=\"https:\/\/neef.paginas.ufsc.br\/files\/2021\/04\/A_Ascensao_da_Economia_Feminista_materia-valor_economico-1.pdf\">Acessar<\/a><\/td><\/tr><tr><td>2021<\/td><td>Entrevista<\/td><td><strong>Igualdade de g\u00eanero no mercado de trabalho poderia trazer benef\u00edcios \u00e0 economia<\/strong><\/td><td>Brena Paula Magno Fernandez<\/td><td><a href=\"https:\/\/medium.com\/betaredacao\/igualdade-de-g%C3%AAnero-no-mercado-de-trabalho-poderia-trazer-benef%C3%ADcios-%C3%A0-economia-14f3180c52bd\">Acessar<\/a><\/td><\/tr><tr><td>2021<\/td><td>Entrevista<\/td><td><strong>A economia de quem cuida<\/strong><\/td><td>Cristina Pereira Vieceli<\/td><td><a href=\"https:\/\/www.correiodopovo.com.br\/blogs\/di%C3%A1logos\/a-economia-de-quem-cuida-1.726229\">Acessar<\/a><\/td><\/tr><tr><td>2021<\/td><td>Live<\/td><td><strong>Economia Feminista, Trabalho e G\u00eanero\u00a0<\/strong><\/td><td>Marilane Oliveira Teixeira<\/td><td><a href=\"https:\/\/www.youtube.com\/watch?v=m-auEWxodA4\">Acessar<\/a><\/td><\/tr><tr><td>2021<\/td><td>Live<\/td><td><strong>O Feminismo e o Projeto Anticapitalista\u00a0<\/strong><\/td><td>Marilane Oliveira Teixeira<\/td><td><a href=\"https:\/\/www.facebook.com\/watch\/live\/?ref=watch_permalink&amp;v=488294235644424\">Acessar<\/a><\/td><\/tr><tr><td>2021<\/td><td>Podcast<\/td><td><strong>Econop\u00e9dia #06 &#8211; Desigualdade de G\u00eanero e Ind\u00fastria 4.0<\/strong><\/td><td>Clara Mendon\u00e7a Saliba<\/td><td><a href=\"https:\/\/open.spotify.com\/episode\/49G8UKj7bPh3L8lhnW3Rw1?si=286b3ebd38294735\">Acessar<\/a><\/td><\/tr><tr><td>2021<\/td><td>Live<\/td><td><strong>Rela\u00e7\u00f5es de g\u00eanero e mercado de trabalho<\/strong><\/td><td>Marilane Oliveira Teixeira e Joana Mostafa<\/td><td><a href=\"https:\/\/www.youtube.com\/live\/HelRSG8K9Yk?feature=share\">Acessar<\/a><\/td><\/tr><tr><td>2020<\/td><td>Podcast<\/td><td><strong>Econominas &#8211; Ep. Especial: Mulheres na Pol\u00edtica<\/strong><\/td><td>Clara Mendon\u00e7a Saliba<\/td><td><a href=\"https:\/\/open.spotify.com\/episode\/5h7YQxywDftyfpdMqw6cbZ?si=0ec30db690a04e4f\">Acessar<\/a><\/td><\/tr><tr><td>2020<\/td><td>Entrevista<\/td><td><strong>A supera\u00e7\u00e3o da crise dos cuidados passa por valores coletivos e cooperativos<\/strong><\/td><td>Marilane Oliveira Teixeira<\/td><td><a href=\"https:\/\/www.ihu.unisinos.br\/categorias\/603263-a-superacao-da-crise-dos-cuidados-passa-por-valores-coletivos-e-cooperativos\">Acessar<\/a><\/td><\/tr><tr><td>2020<\/td><td>Live<\/td><td><strong>Economia e feminismo em tempos de Pandemia\u00a0<\/strong><\/td><td>Marilane Oliveira Teixeira<\/td><td><a href=\"https:\/\/www.sof.org.br\/sof-ao-vivo-assista-a-debates-online-sobre-feminismo-economia-e-politica\/\">Acessar<\/a><\/td><\/tr><tr><td>2018<\/td><td>Entrevista<\/td><td><strong>Crise atrai mulheres para a for\u00e7a de trabalho<\/strong><\/td><td>Marilane Oliveira Teixeira<\/td><td><a href=\"https:\/\/valor.globo.com\/brasil\/noticia\/2018\/08\/16\/crise-atrai-mulheres-para-forca-de-trabalho.ghtml\">Acessar<\/a><\/td><\/tr><tr><td>2015<\/td><td>Entrevista<\/td><td><strong>Terceiriza\u00e7\u00e3o, precariza\u00e7\u00e3o do trabalho e o impacto sobre as mulheres<\/strong><\/td><td>Marilane Oliveira Teixeira<\/td><td><a href=\"https:\/\/www.tvgazeta.com.br\/videos\/maria-lydia-entrevista-marilane-teixeira-pesquisadora-cesitunicamp\/\">Acessar<\/a><\/td><\/tr><tr><td>2012<\/td><td>Document\u00e1rio<\/td><td><strong>Mulheres Invis\u00edveis<\/strong><\/td><td>Marilane Oliveira Teixeira<\/td><td><a href=\"https:\/\/www.youtube.com\/watch?v=VycN-Jsm9Lg\">Acessar<\/a><\/td><\/tr><\/tbody><\/table><\/figure>\n","protected":false},"excerpt":{"rendered":"<p>Participa\u00e7\u00f5es de pesquisadores da rede economia feminista no debate nacional sobre temas relacionados \u00e0 luta das mulheres por igualdade e justi\u00e7a. Especificamente, aqui voc\u00ea encontra conte\u00fado jornal\u00edstico separados por ano, tipo, t\u00edtulo e o nome da pesquisadora.<\/p>\n","protected":false},"author":1,"featured_media":39848,"comment_status":"open","ping_status":"open","sticky":false,"template":"","format":"standard","meta":{"_acf_changed":false,"footnotes":""},"categories":[1],"tags":[],"class_list":["post-341","post","type-post","status-publish","format-standard","has-post-thumbnail","hentry","category-uncategorized"],"acf":[],"_links":{"self":[{"href":"https:\/\/ange.org.br\/ange\/wp-json\/wp\/v2\/posts\/341","targetHints":{"allow":["GET"]}}],"collection":[{"href":"https:\/\/ange.org.br\/ange\/wp-json\/wp\/v2\/posts"}],"about":[{"href":"https:\/\/ange.org.br\/ange\/wp-json\/wp\/v2\/types\/post"}],"author":[{"embeddable":true,"href":"https:\/\/ange.org.br\/ange\/wp-json\/wp\/v2\/users\/1"}],"replies":[{"embeddable":true,"href":"https:\/\/ange.org.br\/ange\/wp-json\/wp\/v2\/comments?post=341"}],"version-history":[{"count":0,"href":"https:\/\/ange.org.br\/ange\/wp-json\/wp\/v2\/posts\/341\/revisions"}],"wp:featuredmedia":[{"embeddable":true,"href":"https:\/\/ange.org.br\/ange\/wp-json\/wp\/v2\/media\/39848"}],"wp:attachment":[{"href":"https:\/\/ange.org.br\/ange\/wp-json\/wp\/v2\/media?parent=341"}],"wp:term":[{"taxonomy":"category","embeddable":true,"href":"https:\/\/ange.org.br\/ange\/wp-json\/wp\/v2\/categories?post=341"},{"taxonomy":"post_tag","embeddable":true,"href":"https:\/\/ange.org.br\/ange\/wp-json\/wp\/v2\/tags?post=341"}],"curies":[{"name":"wp","href":"https:\/\/api.w.org\/{rel}","templated":true}]}}