{"id":40349,"date":"2025-09-17T00:40:13","date_gmt":"2025-09-17T00:40:13","guid":{"rendered":"https:\/\/ange.org.br\/ange\/?p=40349"},"modified":"2025-09-17T00:40:18","modified_gmt":"2025-09-17T00:40:18","slug":"relacoes-entre-a-covid-19-sexismo-e-racismo-no-brasil-uma-analise-da-economia-feminista","status":"publish","type":"post","link":"https:\/\/ange.org.br\/ange\/2025\/09\/17\/relacoes-entre-a-covid-19-sexismo-e-racismo-no-brasil-uma-analise-da-economia-feminista\/","title":{"rendered":"Rela\u00e7\u00f5es Entre a Covid-19, Sexismo e Racismo no Brasil: Uma An\u00e1lise da Economia Feminista."},"content":{"rendered":"\n<p>OLIVEIRA, Margarita. CASTELLITTI, Carolina. <\/p>\n\n\n\n<p>PRAIA VERMELHA (UFRJ). , v.32, p.5 \u2013 23, 2022.<\/p>\n\n\n\n<p>DISPON\u00cdVEL EM: <a href=\"https:\/\/revistas.ufrj.br\/index.php\/praiavermelha\/article\/view\/50110\/28840\">https:\/\/revistas.ufrj.br\/index.php\/praiavermelha\/article\/view\/50110\/28840<br><\/a> <\/p>\n","protected":false},"excerpt":{"rendered":"<p>OLIVEIRA, Margarita. CASTELLITTI, Carolina. PRAIA VERMELHA (UFRJ). , v.32, p.5 \u2013 23, 2022. DISPON\u00cdVEL EM: https:\/\/revistas.ufrj.br\/index.php\/praiavermelha\/article\/view\/50110\/28840<\/p>\n","protected":false},"author":3,"featured_media":0,"comment_status":"open","ping_status":"open","sticky":false,"template":"","format":"standard","meta":{"_acf_changed":false,"footnotes":""},"categories":[107],"tags":[],"class_list":["post-40349","post","type-post","status-publish","format-standard","hentry","category-margarita-olivera"],"acf":[],"_links":{"self":[{"href":"https:\/\/ange.org.br\/ange\/wp-json\/wp\/v2\/posts\/40349","targetHints":{"allow":["GET"]}}],"collection":[{"href":"https:\/\/ange.org.br\/ange\/wp-json\/wp\/v2\/posts"}],"about":[{"href":"https:\/\/ange.org.br\/ange\/wp-json\/wp\/v2\/types\/post"}],"author":[{"embeddable":true,"href":"https:\/\/ange.org.br\/ange\/wp-json\/wp\/v2\/users\/3"}],"replies":[{"embeddable":true,"href":"https:\/\/ange.org.br\/ange\/wp-json\/wp\/v2\/comments?post=40349"}],"version-history":[{"count":1,"href":"https:\/\/ange.org.br\/ange\/wp-json\/wp\/v2\/posts\/40349\/revisions"}],"predecessor-version":[{"id":40350,"href":"https:\/\/ange.org.br\/ange\/wp-json\/wp\/v2\/posts\/40349\/revisions\/40350"}],"wp:attachment":[{"href":"https:\/\/ange.org.br\/ange\/wp-json\/wp\/v2\/media?parent=40349"}],"wp:term":[{"taxonomy":"category","embeddable":true,"href":"https:\/\/ange.org.br\/ange\/wp-json\/wp\/v2\/categories?post=40349"},{"taxonomy":"post_tag","embeddable":true,"href":"https:\/\/ange.org.br\/ange\/wp-json\/wp\/v2\/tags?post=40349"}],"curies":[{"name":"wp","href":"https:\/\/api.w.org\/{rel}","templated":true}]}}