{"id":40372,"date":"2025-09-22T23:58:55","date_gmt":"2025-09-22T23:58:55","guid":{"rendered":"https:\/\/ange.org.br\/ange\/?p=40372"},"modified":"2025-09-23T00:00:18","modified_gmt":"2025-09-23T00:00:18","slug":"reflexoes-sobre-as-relacoes-entre-desigualdade-de-genero-mercado-de-trabalho-e-educacao-dos-filhos","status":"publish","type":"post","link":"https:\/\/ange.org.br\/ange\/2025\/09\/22\/reflexoes-sobre-as-relacoes-entre-desigualdade-de-genero-mercado-de-trabalho-e-educacao-dos-filhos\/","title":{"rendered":"Reflex\u00f5es sobre as rela\u00e7\u00f5es entre desigualdade de g\u00eanero, mercado de trabalho e educa\u00e7\u00e3o dos filhos."},"content":{"rendered":"\n<p>ARTIGO. <\/p>\n\n\n\n<p>ALMEIRA, Ana Cec\u00edlia de. DOS SANTOS, Felipe Nathan Ferreira. LIRIO, Viviani Silva. BOHN, Liana. <\/p>\n\n\n\n<p>Santa Maria: UFSM, 2021 (Textos para Discuss\u00e3o \u2013 26 (Observat\u00f3rio Socioecon\u00f4mico da COVID-19)<\/p>\n\n\n\n<p>DISPON\u00cdVEL EM: <a href=\"https:\/\/www.ufsm.br\/app\/uploads\/sites\/820\/2021\/03\/Textos-para-Discussao-26-Reflexoes-sobre-as-relacoes-entre-desigualdade-de-genero-mercado-de-trabalho-e-educacao-filhos.pdf\">https:\/\/www.ufsm.br\/app\/uploads\/sites\/820\/2021\/03\/Textos-para-Discussao-26-Reflexoes-sobre-as-relacoes-entre-desigualdade-de-genero-mercado-de-trabalho-e-educacao-filhos.pdf<br><\/a> <\/p>\n","protected":false},"excerpt":{"rendered":"<p>ARTIGO. ALMEIRA, Ana Cec\u00edlia de. DOS SANTOS, Felipe Nathan Ferreira. LIRIO, Viviani Silva. BOHN, Liana. Santa Maria: UFSM, 2021 (Textos para Discuss\u00e3o \u2013 26 (Observat\u00f3rio Socioecon\u00f4mico da COVID-19) DISPON\u00cdVEL EM: https:\/\/www.ufsm.br\/app\/uploads\/sites\/820\/2021\/03\/Textos-para-Discussao-26-Reflexoes-sobre-as-relacoes-entre-desigualdade-de-genero-mercado-de-trabalho-e-educacao-filhos.pdf<\/p>\n","protected":false},"author":3,"featured_media":0,"comment_status":"open","ping_status":"open","sticky":false,"template":"","format":"standard","meta":{"_acf_changed":false,"footnotes":""},"categories":[103],"tags":[],"class_list":["post-40372","post","type-post","status-publish","format-standard","hentry","category-liana-bohn"],"acf":[],"_links":{"self":[{"href":"https:\/\/ange.org.br\/ange\/wp-json\/wp\/v2\/posts\/40372","targetHints":{"allow":["GET"]}}],"collection":[{"href":"https:\/\/ange.org.br\/ange\/wp-json\/wp\/v2\/posts"}],"about":[{"href":"https:\/\/ange.org.br\/ange\/wp-json\/wp\/v2\/types\/post"}],"author":[{"embeddable":true,"href":"https:\/\/ange.org.br\/ange\/wp-json\/wp\/v2\/users\/3"}],"replies":[{"embeddable":true,"href":"https:\/\/ange.org.br\/ange\/wp-json\/wp\/v2\/comments?post=40372"}],"version-history":[{"count":1,"href":"https:\/\/ange.org.br\/ange\/wp-json\/wp\/v2\/posts\/40372\/revisions"}],"predecessor-version":[{"id":40373,"href":"https:\/\/ange.org.br\/ange\/wp-json\/wp\/v2\/posts\/40372\/revisions\/40373"}],"wp:attachment":[{"href":"https:\/\/ange.org.br\/ange\/wp-json\/wp\/v2\/media?parent=40372"}],"wp:term":[{"taxonomy":"category","embeddable":true,"href":"https:\/\/ange.org.br\/ange\/wp-json\/wp\/v2\/categories?post=40372"},{"taxonomy":"post_tag","embeddable":true,"href":"https:\/\/ange.org.br\/ange\/wp-json\/wp\/v2\/tags?post=40372"}],"curies":[{"name":"wp","href":"https:\/\/api.w.org\/{rel}","templated":true}]}}