{"id":40375,"date":"2025-09-23T00:02:00","date_gmt":"2025-09-23T00:02:00","guid":{"rendered":"https:\/\/ange.org.br\/ange\/?p=40375"},"modified":"2025-09-23T00:02:06","modified_gmt":"2025-09-23T00:02:06","slug":"a-importancia-da-historia-do-pensamento-economico-e-a-vida-e-obra-de-jane-marcet","status":"publish","type":"post","link":"https:\/\/ange.org.br\/ange\/2025\/09\/23\/a-importancia-da-historia-do-pensamento-economico-e-a-vida-e-obra-de-jane-marcet\/","title":{"rendered":"A Import\u00e2ncia da Hist\u00f3ria do Pensamento Econ\u00f4mico e a vida e obra de Jane Marcet."},"content":{"rendered":"\n<p>ARTIGO. <\/p>\n\n\n\n<p>MORAES, Mayara da Mata. CONRADI, Keysi. MACHADO, Nat\u00e1lia. ROSA,  Jaqueline Cristina. BOHN, Liana. MARIN, Solange Regina. <\/p>\n\n\n\n<p>A import\u00e2ncia da Hist\u00f3ria do Pensamento Econ\u00f4mico e a vida e obra de Jane Marcet. <\/p>\n\n\n\n<p>In: XXV ENCONTRO DE ECONOMIA DA REGI\u00c3O SUL, 2022, Porto Alegre. Anais, 2022.<\/p>\n\n\n\n<p>DISPON\u00cdVEL EM: <a href=\"https:\/\/www.anpec.org.br\/sul\/2022\/submissao\/files_I\/i1-b4d022ea8381d02c962d4419591b0941.pdf\">https:\/\/www.anpec.org.br\/sul\/2022\/submissao\/files_I\/i1-b4d022ea8381d02c962d4419591b0941.pdf<br><\/a> <\/p>\n","protected":false},"excerpt":{"rendered":"<p>ARTIGO. MORAES, Mayara da Mata. CONRADI, Keysi. MACHADO, Nat\u00e1lia. ROSA, Jaqueline Cristina. BOHN, Liana. MARIN, Solange Regina. A import\u00e2ncia da Hist\u00f3ria do Pensamento Econ\u00f4mico e a vida e obra de Jane Marcet. In: XXV ENCONTRO DE ECONOMIA DA REGI\u00c3O SUL, 2022, Porto Alegre. Anais, 2022. DISPON\u00cdVEL EM: https:\/\/www.anpec.org.br\/sul\/2022\/submissao\/files_I\/i1-b4d022ea8381d02c962d4419591b0941.pdf<\/p>\n","protected":false},"author":3,"featured_media":0,"comment_status":"open","ping_status":"open","sticky":false,"template":"","format":"standard","meta":{"_acf_changed":false,"footnotes":""},"categories":[103],"tags":[],"class_list":["post-40375","post","type-post","status-publish","format-standard","hentry","category-liana-bohn"],"acf":[],"_links":{"self":[{"href":"https:\/\/ange.org.br\/ange\/wp-json\/wp\/v2\/posts\/40375","targetHints":{"allow":["GET"]}}],"collection":[{"href":"https:\/\/ange.org.br\/ange\/wp-json\/wp\/v2\/posts"}],"about":[{"href":"https:\/\/ange.org.br\/ange\/wp-json\/wp\/v2\/types\/post"}],"author":[{"embeddable":true,"href":"https:\/\/ange.org.br\/ange\/wp-json\/wp\/v2\/users\/3"}],"replies":[{"embeddable":true,"href":"https:\/\/ange.org.br\/ange\/wp-json\/wp\/v2\/comments?post=40375"}],"version-history":[{"count":1,"href":"https:\/\/ange.org.br\/ange\/wp-json\/wp\/v2\/posts\/40375\/revisions"}],"predecessor-version":[{"id":40376,"href":"https:\/\/ange.org.br\/ange\/wp-json\/wp\/v2\/posts\/40375\/revisions\/40376"}],"wp:attachment":[{"href":"https:\/\/ange.org.br\/ange\/wp-json\/wp\/v2\/media?parent=40375"}],"wp:term":[{"taxonomy":"category","embeddable":true,"href":"https:\/\/ange.org.br\/ange\/wp-json\/wp\/v2\/categories?post=40375"},{"taxonomy":"post_tag","embeddable":true,"href":"https:\/\/ange.org.br\/ange\/wp-json\/wp\/v2\/tags?post=40375"}],"curies":[{"name":"wp","href":"https:\/\/api.w.org\/{rel}","templated":true}]}}