{"id":41061,"date":"2025-10-23T13:35:33","date_gmt":"2025-10-23T13:35:33","guid":{"rendered":"https:\/\/ange.org.br\/ange\/?p=41061"},"modified":"2025-11-02T14:20:57","modified_gmt":"2025-11-02T14:20:57","slug":"40o-congresso-da-ange-2025","status":"publish","type":"post","link":"https:\/\/ange.org.br\/ange\/2025\/10\/23\/40o-congresso-da-ange-2025\/","title":{"rendered":"40\u00ba Congresso da ANGE &#8211; 2025"},"content":{"rendered":"\n<section id=\"hero\" class=\"lp-hero\">\n  <div class=\"container\">\n    <span class=\"eyebrow\">40\u00ba Congresso da ANGE<\/span>\n    <h1>O Brasil e o cen\u00e1rio econ\u00f4mico e pol\u00edtico internacional<\/h1>\n    <p class=\"meta\">\n      <strong>5\u20137 de novembro de 2025<\/strong> \u2022 \n      <strong>IERI \u2013 Universidade Federal de Uberl\u00e2ndia (UFU)<\/strong>\n    <\/p>\n    <p class=\"lead\">\n      Celebrando quatro d\u00e9cadas de atua\u00e7\u00e3o, o 40\u00ba Congresso da Associa\u00e7\u00e3o Nacional dos Cursos de Gradua\u00e7\u00e3o em Ci\u00eancias Econ\u00f4micas (ANGE)\n      re\u00fane coordenadores, docentes, discentes, pesquisadores e profissionais para discutir a forma\u00e7\u00e3o do economista diante de\n      transforma\u00e7\u00f5es que atravessam a vida econ\u00f4mica e o ensino superior: mudan\u00e7as clim\u00e1ticas, desigualdades, finan\u00e7as p\u00fablicas,\n      tecnologia e intelig\u00eancia artificial. Com o tema central <em>O Brasil e o cen\u00e1rio econ\u00f4mico e pol\u00edtico internacional<\/em>, o encontro\n      promove debates pluralistas, integra gradua\u00e7\u00e3o e p\u00f3s-gradua\u00e7\u00e3o e revisita a hist\u00f3ria da entidade e de seus parceiros no fortalecimento\n      do ensino de Economia no pa\u00eds.\n    <\/p>\n    <div class=\"cta\">\n      <a href=\"https:\/\/forms.gle\/sweuvmF1R6VgiJD17\" class=\"btn btn-primary\">Inscreva-se<\/a>\n      <a href=\"https:\/\/ange.org.br\/ange\/wp-content\/uploads\/2025\/11\/ProgramacaoXLCongressoAnge2025.pdf\" class=\"btn btn-secondary\">Programa\u00e7\u00e3o<\/a>\n    <\/div>\n  <\/div>\n<\/section>\n\n<section id=\"objetivos\" class=\"lp-section\">\n  <div class=\"container\">\n    <h2>Objetivos do Congresso<\/h2>\n    <ul class=\"checklist\">\n      <li>Promover o debate nacional sobre a forma\u00e7\u00e3o do economista diante das mudan\u00e7as econ\u00f4micas, pol\u00edticas e tecnol\u00f3gicas contempor\u00e2neas.<\/li>\n      <li>Fomentar a integra\u00e7\u00e3o entre gradua\u00e7\u00e3o e p\u00f3s-gradua\u00e7\u00e3o em Economia.<\/li>\n      <li>Estimular a pluralidade te\u00f3rica, metodol\u00f3gica e anal\u00edtica no ensino de Economia.<\/li>\n      <li>Comemorar os 40 anos da ANGE, reconhecendo sua trajet\u00f3ria no aperfei\u00e7oamento das diretrizes e pr\u00e1ticas pedag\u00f3gicas.<\/li>\n    <\/ul>\n  <\/div>\n<\/section>\n\n<section id=\"programacao\" class=\"lp-section\">\n  <div class=\"container\">\n    <h2>Programa\u00e7\u00e3o completa<\/h2>\n\n    <!-- DIA 1 -->\n    <article class=\"day\">\n      <h3>Quarta-feira, 5 de novembro<\/h3>\n      <table class=\"schedule\">\n        <tbody>\n          <tr>\n            <td class=\"time\">9h \u2013 12h<\/td>\n            <td>\n              <strong>Minicurso 1 \u2013 Sala 1J244<\/strong><br>\n              <em>Economia do meio ambiente<\/em><br>\n              <span class=\"speakers\">Daniel Caixeta Andrade (UFU)<\/span>\n            <\/td>\n          <\/tr>\n          <tr>\n            <td class=\"time\">14h \u2013 17h<\/td>\n            <td>\n              <strong>Minicurso 2 \u2013 Sala 1J244<\/strong><br>\n              <em>Economia pol\u00edtica da quest\u00e3o racial<\/em><br>\n              <span class=\"speakers\">Daniel Pereira da Silva (FECAP\u2013UNICAMP)<\/span>\n            <\/td>\n          <\/tr>\n          <tr>\n            <td class=\"time\">18h \u2013 19h<\/td>\n            <td>\n              <strong>Recep\u00e7\u00e3o dos participantes do XL Congresso da ANGE<\/strong>\n            <\/td>\n          <\/tr>\n          <tr>\n            <td class=\"time\">19h \u2013 19h30<\/td>\n            <td>\n              <strong>Mesa de abertura \u2013 Audit\u00f3rio 5R-AB<\/strong><br>\n              <span class=\"speakers\">\n                IERI\u2013UFU, ANGE, SEP, ANPEC, COFECON, CORECON-RJ, CORECON-SP, CORECON-MG, CORECON-ES, CORECON-DF, REBEF, ECO-ECO, FENECO<br>\n                Marcelo Sartorio Loural (IERI-UFU), Raquel de Azevedo (IERI-UFU), Carlos Henrique Carvalho (UFU), Camila Ugino (PUC-SP e ANGE),\n                Tania Cristina Teixeira (COFECON), Ant\u00f4nio dos Santos Magalh\u00e3es (CORECON-RJ), Odilon Guedes (CORECON-SP), Carolina Rocha Batista (CORECON-MG),\n                \u00c9rika Leal (CORECON-ES), Luciana Acioly da Silva (CORECON-DF), Marisa Silva Amaral (SEP e IERI-UFU), Beatriz Macchione Saes (ECO-ECO),\n                Marilane Teixeira (REBEF), C\u00e1ssio Besarria (ANPEC), Rebeca Amazonas (FENECO)\n              <\/span>\n            <\/td>\n          <\/tr>\n          <tr>\n            <td class=\"time\">19h30 \u2013 20h<\/td>\n            <td>\n              <strong>Sess\u00e3o de homenagem aos fundadores e ex-presidentes da ANGE \u2013 Audit\u00f3rio 5R-AB<\/strong>\n            <\/td>\n          <\/tr>\n          <tr>\n            <td class=\"time\">20h \u2013 21h45<\/td>\n            <td>\n              <strong>Sess\u00e3o especial I: Confer\u00eancia de abertura \u2013 Audit\u00f3rio 5R-AB<\/strong><br>\n              <em>A economia brasileira frente aos conflitos internacionais<\/em><br>\n              <span class=\"speakers\">\n                Ant\u00f4nio Corr\u00eaa de Lacerda (COFECON, BNDES, PUC-SP), Rubens Sawaya (PUC-SP), Filipe Mendon\u00e7a (IERI-UFU)\n              <\/span><br>\n              <span class=\"coord\">Coordena\u00e7\u00e3o: Alexis Saludjian (UFRJ e ANGE)<\/span>\n            <\/td>\n          <\/tr>\n        <\/tbody>\n      <\/table>\n    <\/article>\n\n    <!-- DIA 2 -->\n    <article class=\"day\">\n      <h3>Quinta-feira, 6 de novembro<\/h3>\n      <table class=\"schedule\">\n        <tbody>\n          <tr>\n            <td class=\"time\">8h30 \u2013 10h15<\/td>\n            <td>\n              <strong>Sess\u00e3o de discuss\u00e3o I \u2013 Audit\u00f3rio 5O-A<\/strong><br>\n              <em>As quest\u00f5es regionais no ensino de economia<\/em><br>\n              <span class=\"speakers\">Anderson Cavalcante (UFMG), Beatriz Mioto (UFABC), Eduardo Nunes Guimar\u00e3es (IERI-UFU), Humberto Martins (IERI-UFMG)<\/span><br>\n              <span class=\"coord\">Coordena\u00e7\u00e3o: Soraia Aparecida Cardozo (IERI-UFU)<\/span>\n            <\/td>\n          <\/tr>\n          <tr>\n            <td class=\"time\">10h15 \u2013 10h30<\/td>\n            <td><strong>Mini-break<\/strong><\/td>\n          <\/tr>\n          <tr>\n            <td class=\"time\">10h30 \u2013 12h<\/td>\n            <td>\n              <strong>Reuni\u00e3o de Conselhos com a Dire\u00e7\u00e3o da ANGE \u2013 Audit\u00f3rio 5O-A<\/strong>\n            <\/td>\n          <\/tr>\n          <tr>\n            <td class=\"time\">14h \u2013 15h45<\/td>\n            <td>\n              <strong>Sess\u00e3o de discuss\u00e3o II \u2013 Audit\u00f3rio 5O-A<\/strong><br>\n              <em>Quest\u00f5es de g\u00eanero e Economia Feminista<\/em><br>\n              <span class=\"speakers\">Lara Selis (IERI-UFU), D\u00e9bora Prado (IERI-UFU), Marilane Teixeira (UNICAMP e REBEF)<\/span><br>\n              <span class=\"coord\">Coordena\u00e7\u00e3o: Camila Ugino (PUC-SP e ANGE)<\/span>\n            <\/td>\n          <\/tr>\n          <tr>\n            <td class=\"time\">16h \u2013 17h30<\/td>\n            <td>\n              <strong>Sess\u00e3o de coordenadores \u2013 Sala 1J244<\/strong> \/ <strong>Sess\u00e3o discente I \u2013 Sala 1J238<\/strong><br>\n              <em>Sa\u00fade mental, evas\u00e3o e reten\u00e7\u00e3o universit\u00e1rias<\/em><br>\n              <span class=\"speakers\">Raquel de Azevedo (IERI-UFU), coordenadores e professores de curso das Universidades<\/span><br>\n              <span class=\"coord\">Coordena\u00e7\u00e3o: Eduardo Rodrigues da Silva (PUC-GO e ANGE)<\/span>\n            <\/td>\n          <\/tr>\n          <tr>\n            <td class=\"time\">17h30 \u2013 18h30<\/td>\n            <td>\n              <strong>Plen\u00e1ria integrada coordenadores e discentes I \u2013 Sala 1J244<\/strong><br>\n              <em>Sa\u00fade mental, evas\u00e3o e reten\u00e7\u00e3o universit\u00e1rias<\/em>\n            <\/td>\n          <\/tr>\n          <tr>\n            <td class=\"time\">19h \u2013 20h45<\/td>\n            <td>\n              <strong>Sess\u00e3o especial II \u2013 Audit\u00f3rio 5R-AB<\/strong><br>\n              <em>Economia Internacional<\/em><br>\n              <span class=\"speakers\">Carlos Eduardo Martins (UFRJ), Germano Mendes de Paula (IERI-UFU), Marisa Silva Amaral (IERI-UFU e SEP)<\/span><br>\n              <span class=\"coord\">Coordena\u00e7\u00e3o: Jos\u00e9 Rubens Damas Garlipp (IERI-UFU)<\/span>\n            <\/td>\n          <\/tr>\n        <\/tbody>\n      <\/table>\n    <\/article>\n\n    <!-- DIA 3 -->\n    <article class=\"day\">\n      <h3>Sexta-feira, 7 de novembro<\/h3>\n      <table class=\"schedule\">\n        <tbody>\n          <tr>\n            <td class=\"time\">8h30 \u2013 10h15<\/td>\n            <td>\n              <strong>Sess\u00e3o de discuss\u00e3o III<\/strong><br>\n              <em>Quest\u00f5es sociais e o ensino de economia<\/em><br>\n              <span class=\"speakers\">Carlos Nascimento (UFU), Lauro Mattei (UFSC), Odilon Guedes (CORECON-SP)<\/span><br>\n              <span class=\"coord\">Coordena\u00e7\u00e3o: Hugo Corr\u00eaa (UFF)<\/span>\n            <\/td>\n          <\/tr>\n          <tr>\n            <td class=\"time\">10h15 \u2013 10h30<\/td>\n            <td><strong>Mini-break<\/strong><\/td>\n          <\/tr>\n          <tr>\n            <td class=\"time\">10h30 \u2013 12h<\/td>\n            <td>\n              <strong>Sess\u00e3o de coordenadores \u2013 Sala 1J244<\/strong> \/ <strong>Sess\u00e3o discente I \u2013 Sala 1J238<\/strong><br>\n              <em>Mudan\u00e7as curriculares, curriculariza\u00e7\u00e3o da extens\u00e3o e intelig\u00eancia artificial<\/em><br>\n              <span class=\"speakers\">Vanessa Val Munhoz (IERI-UFU), Sabrina Queiroz (IERI-UFU), coordenadores e professores do curso das Universidades<\/span><br>\n              <span class=\"coord\">Coordena\u00e7\u00e3o: Paulo Fracalanza (UNICAMP)<\/span>\n            <\/td>\n          <\/tr>\n          <tr>\n            <td class=\"time\">12h \u2013 13h<\/td>\n            <td>\n              <strong>Plen\u00e1ria integrada coordenadores\/discentes II \u2013 Sala 1J244<\/strong><br>\n              <em>Mudan\u00e7as curriculares, curriculariza\u00e7\u00e3o da extens\u00e3o e intelig\u00eancia artificial<\/em>\n            <\/td>\n          <\/tr>\n          <tr>\n            <td class=\"time\">15h \u2013 16h30<\/td>\n            <td>\n              <strong>Assembleia \u2013 Audit\u00f3rio 5S<\/strong><br>\n              <span class=\"speakers\">Presen\u00e7a de coordenadores e membros da atual gest\u00e3o<\/span>\n            <\/td>\n          <\/tr>\n          <tr>\n            <td class=\"time\">16h30 \u2013 17h<\/td>\n            <td><strong>Mini-break<\/strong><\/td>\n          <\/tr>\n          <tr>\n            <td class=\"time\">17h \u2013 19h<\/td>\n            <td>\n              <strong>Sess\u00e3o especial III: Palestra de encerramento \u2013 Audit\u00f3rio 5S<\/strong><br>\n              <em>Os 40 anos da ANGE e o ensino de economia no Brasil<\/em><br>\n              <span class=\"speakers\">Paulo Nakatani (UFES), Jos\u00e9 Rubens Garlipp (UFU), Rubens Sawaya (PUC-SP), Eduardo Rodrigues da Silva (PUC-GO), Paulo Fracalanza (UNICAMP)<\/span><br>\n              <span class=\"coord\">Coordena\u00e7\u00e3o: Adauto Ribeiro (PUC-Campinas)<\/span>\n            <\/td>\n          <\/tr>\n        <\/tbody>\n      <\/table>\n    <\/article>\n  <\/div>\n<\/section>\n\n<section id=\"publico\" class=\"lp-section\">\n  <div class=\"container\">\n    <h2>P\u00fablico-alvo<\/h2>\n    <p>\n      Coordenadores de cursos de Economia, docentes, discentes de gradua\u00e7\u00e3o e p\u00f3s-gradua\u00e7\u00e3o, pesquisadores, economistas do mercado e representantes de entidades da categoria. \n      A expectativa \u00e9 reunir <strong>cerca de 300 participantes<\/strong> de todo o Brasil.\n    <\/p>\n  <\/div>\n<\/section>\n\n<section id=\"sobre-ange\" class=\"lp-section\">\n  <div class=\"container\">\n    <h2>Sobre a ANGE<\/h2>\n    <p>\n      A Associa\u00e7\u00e3o Nacional dos Cursos de Gradua\u00e7\u00e3o em Ci\u00eancias Econ\u00f4micas (ANGE) foi fundada em 1985, no contexto da reforma curricular de 1984 (Resolu\u00e7\u00e3o 11\/84 do ent\u00e3o Conselho Federal de Educa\u00e7\u00e3o).\n      Desde ent\u00e3o, realiza anualmente um congresso nacional, atua na discuss\u00e3o das diretrizes curriculares e promove a atualiza\u00e7\u00e3o docente,\n      em di\u00e1logo com COFECON, CORECONs, FENECON, ANPEC e SEP. Em 2007, foi protagonista na constru\u00e7\u00e3o das atuais Diretrizes Curriculares junto ao CNE.\n    <\/p>\n\n    <div class=\"grid two\">\n      <div>\n        <h3>Diretoria Executiva<\/h3>\n        <ul>\n          <li><strong>Presidente:<\/strong> Camila Kimie Ugino (PUC-SP)<\/li>\n          <li><strong>Secret\u00e1rio:<\/strong> Eduardo Rodrigues da Silva (PUC-GO)<\/li>\n          <li><strong>Tesoureiro:<\/strong> Alexis Saludjian (UFRJ)<\/li>\n        <\/ul>\n\n        <h4>Diretoria Docente \u2014 Titulares<\/h4>\n        <ul>\n          <li>Paulo S\u00e9rgio Fracalanza (UNICAMP)<\/li>\n          <li>Hugo Corr\u00eaa (UFF)<\/li>\n          <li>Heric Santos Hosso\u00e9 (UFMA)<\/li>\n        <\/ul>\n\n        <h4>Diretoria Docente \u2014 Suplentes<\/h4>\n        <ul>\n          <li>Marcelo Sartorio Loural (UFU)<\/li>\n          <li>Paulo Nakatani (UFES)<\/li>\n          <li>Pedro Caldas Chadarevian (Univesp)<\/li>\n          <li>Grasiela Baruco (UFRRJ)<\/li>\n        <\/ul>\n      <\/div>\n\n      <div>\n        <h3>Diretoria Discente<\/h3>\n        <ul>\n          <li>Rebeca Amazonas (UERJ)<\/li>\n          <li>Matheus Pessoa de Oliveira (PUC-SP)<\/li>\n        <\/ul>\n\n        <h3>Conselho Fiscal<\/h3>\n        <ul>\n          <li>Jos\u00e9 Rubens Damas Garlipp (UFU)<\/li>\n          <li>Rubens Sawaya (PUC-SP)<\/li>\n          <li>Adauto Roberto Ribeiro (PUC-Campinas)<\/li>\n        <\/ul>\n\n        <h3>Diretorias Regionais<\/h3>\n        <ul class=\"columns\">\n          <li>Sudeste I (SP): Izaias de Carvalho Borges (PUC-Campinas)<\/li>\n          <li>Sudeste II (MG\/RJ): Marcelo Pereira Fernandes (UFRRJ)<\/li>\n          <li>Sudeste III (ES): Paulo Nakatani (UFES)<\/li>\n          <li>Sul I (PR): S\u00e9rgio Lopes (Unioeste)<\/li>\n          <li>Sul II (SC): Lauro Mattei (UFSC)<\/li>\n          <li>Sul III (RS): Gentil Corazza (UFRGS)<\/li>\n          <li>Centro-Oeste I (MT\/MS): Carlos Theobaldo de Souza (UNIC)<\/li>\n          <li>Centro-Oeste II (DF): Jos\u00e9 Lu\u00eds Pagnussat (DF)<\/li>\n          <li>Centro-Oeste III (GO): Gesmar Jos\u00e9 Vieira (PUC-Goi\u00e1s)<\/li>\n          <li>Norte I (PA): Helio Santana Mairata Gomes (PA)<\/li>\n          <li>Norte II (AM\/RO\/AC): Rosalvo Machado Bentes (UFAIVI)<\/li>\n          <li>Nordeste I (SE\/AL): Maria Cec\u00edlia Junqueira Lustosa (UFAL)<\/li>\n          <li>Nordeste II (PE\/PB\/RN): Val\u00e9ria Rodrigues Leite (UFRN)<\/li>\n          <li>Nordeste III (CE\/PI\/MA): Fernanda Rocha Veras Araujo (UFPI)<\/li>\n          <li>Nordeste IV (BA): Gustavo Casseb Pessoti (UNIFACS\/SEI)<\/li>\n        <\/ul>\n      <\/div>\n    <\/div>\n  <\/div>\n<\/section>\n\n<section id=\"inscricoes\" class=\"lp-section\">\n  <div class=\"container\">\n    <h2>Inscri\u00e7\u00f5es e Informa\u00e7\u00f5es<\/h2>\n    <p><strong>Local:<\/strong> Instituto de Economia e Rela\u00e7\u00f5es Internacionais (IERI) \u2013 UFU<\/p>\n    <p><strong>Datas:<\/strong> 5, 6 e 7 de novembro de 2025<\/p>\n    <div class=\"cta\">\n      <a href=\"https:\/\/forms.gle\/sweuvmF1R6VgiJD17\" class=\"btn btn-primary\">Inscreva-se<\/a>\n      <a href=\"https:\/\/ange.org.br\/ange\/wp-content\/uploads\/2025\/11\/ProgramacaoXLCongressoAnge2025.pdf\" class=\"btn btn-secondary\">Programa\u00e7\u00e3o<\/a>\n    <\/div>\n    <p class=\"contact\"><strong>Contato da organiza\u00e7\u00e3o:<\/strong> <a href=\"mailto:contato@ange.org.br\">contato@ange.org.br<\/a><\/p>\n  <\/div>\n<\/section>\n\n<style>\n  :root{\n    --brand:#03989e;      \/* prim\u00e1ria (solicitada) *\/\n    --accent:#e85d04;     \/* contraste complementar e oposta quente *\/\n    --ink:#111;\n    --muted:#374151;\n    --line:#e5e7eb;\n    --bg-hero:#f9fafb;\n  }\n\n  .container{max-width:980px;margin:0 auto;padding:24px}\n  .eyebrow{display:inline-block;font-size:.9rem;letter-spacing:.08em;text-transform:uppercase;color:#6b7280;margin-bottom:8px}\n  h1{font-size:2.2rem;line-height:1.25;margin:.25rem 0 1rem;color:var(--brand)}\n  h2{font-size:1.6rem;margin:2rem 0 1rem}\n  h3{font-size:1.25rem;margin:1.25rem 0 .5rem}\n  .lead{font-size:1.05rem;line-height:1.6}\n  .meta{color:var(--muted)}\n  .cta{display:flex;gap:12px;flex-wrap:wrap;margin:16px 0 0}\n  .btn{display:inline-block;padding:10px 16px;border-radius:10px;text-decoration:none;border:1px solid transparent;font-weight:600}\n  .btn-primary{background:var(--brand);color:#fff;border-color:var(--brand)}\n  .btn-primary:focus,.btn-primary:hover{filter:brightness(0.95)}\n  .btn-secondary{background:var(--accent);color:#fff;border-color:var(--accent)}\n  .btn-secondary:focus,.btn-secondary:hover{filter:brightness(0.95)}\n  .lp-section{padding:12px 0 8px}\n  .checklist{padding-left:18px}\n  .checklist li{margin:.4rem 0}\n  .schedule{width:100%;border-collapse:collapse}\n  .schedule td{vertical-align:top;padding:10px 8px;border-top:1px solid var(--line)}\n  .schedule .time{white-space:nowrap;width:130px;color:var(--muted)}\n  .speakers,.coord{display:block;color:var(--muted)}\n  .grid.two{display:grid;grid-template-columns:1fr;gap:24px}\n  @media(min-width:900px){.grid.two{grid-template-columns:1fr 1fr}}\n  .columns{columns:2;gap:16px}\n  .lp-hero{background:var(--bg-hero);border-bottom:1px solid var(--line)}\n  .contact{margin-top:8px}\n<\/style>\n","protected":false},"excerpt":{"rendered":"<p>O 40\u00ba Congresso da ANGE prop\u00f5e um amplo debate sobre \u201cO Brasil e o cen\u00e1rio econ\u00f4mico e pol\u00edtico internacional\u201d, reunindo especialistas para discutir os rumos da economia, do ensino e da forma\u00e7\u00e3o profissional diante dos novos desafios globais e nacionais.<\/p>\n","protected":false},"author":1,"featured_media":41062,"comment_status":"open","ping_status":"open","sticky":false,"template":"","format":"standard","meta":{"_acf_changed":false,"footnotes":""},"categories":[46],"tags":[],"class_list":["post-41061","post","type-post","status-publish","format-standard","has-post-thumbnail","hentry","category-eventos"],"acf":[],"_links":{"self":[{"href":"https:\/\/ange.org.br\/ange\/wp-json\/wp\/v2\/posts\/41061","targetHints":{"allow":["GET"]}}],"collection":[{"href":"https:\/\/ange.org.br\/ange\/wp-json\/wp\/v2\/posts"}],"about":[{"href":"https:\/\/ange.org.br\/ange\/wp-json\/wp\/v2\/types\/post"}],"author":[{"embeddable":true,"href":"https:\/\/ange.org.br\/ange\/wp-json\/wp\/v2\/users\/1"}],"replies":[{"embeddable":true,"href":"https:\/\/ange.org.br\/ange\/wp-json\/wp\/v2\/comments?post=41061"}],"version-history":[{"count":4,"href":"https:\/\/ange.org.br\/ange\/wp-json\/wp\/v2\/posts\/41061\/revisions"}],"predecessor-version":[{"id":41073,"href":"https:\/\/ange.org.br\/ange\/wp-json\/wp\/v2\/posts\/41061\/revisions\/41073"}],"wp:featuredmedia":[{"embeddable":true,"href":"https:\/\/ange.org.br\/ange\/wp-json\/wp\/v2\/media\/41062"}],"wp:attachment":[{"href":"https:\/\/ange.org.br\/ange\/wp-json\/wp\/v2\/media?parent=41061"}],"wp:term":[{"taxonomy":"category","embeddable":true,"href":"https:\/\/ange.org.br\/ange\/wp-json\/wp\/v2\/categories?post=41061"},{"taxonomy":"post_tag","embeddable":true,"href":"https:\/\/ange.org.br\/ange\/wp-json\/wp\/v2\/tags?post=41061"}],"curies":[{"name":"wp","href":"https:\/\/api.w.org\/{rel}","templated":true}]}}