{"id":41246,"date":"2026-03-16T18:03:02","date_gmt":"2026-03-16T18:03:02","guid":{"rendered":"https:\/\/ange.org.br\/ange\/?p=41246"},"modified":"2026-03-16T18:03:54","modified_gmt":"2026-03-16T18:03:54","slug":"dinamicas-de-genero-e-o-impacto-da-segregacao-nos-salarios-reais","status":"publish","type":"post","link":"https:\/\/ange.org.br\/ange\/2026\/03\/16\/dinamicas-de-genero-e-o-impacto-da-segregacao-nos-salarios-reais\/","title":{"rendered":"Din\u00e2micas de G\u00eanero e o Impacto da Segrega\u00e7\u00e3o nos Sal\u00e1rios Reais"},"content":{"rendered":"\n<p>Artigo em Anais (ANPEC Nacional)<\/p>\n\n\n\n<p>Ana Lu\u00edsa de Souza Ambrosim (et al.)<\/p>\n\n\n\n<p>2022<\/p>\n\n\n\n<p>Dispon\u00edvel em: <a href=\"https:\/\/repositorio.ufjf.br\/jspui\/handle\/ufjf\/18194?locale=pt_BR\">https:\/\/repositorio.ufjf.br\/jspui\/handle\/ufjf\/18194?locale=pt_BR<\/a> <\/p>\n","protected":false},"excerpt":{"rendered":"<p>Artigo em Anais (ANPEC Nacional) Ana Lu\u00edsa de Souza Ambrosim (et al.) 2022 Dispon\u00edvel em: https:\/\/repositorio.ufjf.br\/jspui\/handle\/ufjf\/18194?locale=pt_BR<\/p>\n","protected":false},"author":3,"featured_media":0,"comment_status":"open","ping_status":"open","sticky":false,"template":"","format":"standard","meta":{"_acf_changed":false,"footnotes":""},"categories":[121],"tags":[],"class_list":["post-41246","post","type-post","status-publish","format-standard","hentry","category-ana-luisa-de-souza-ambrosim"],"acf":[],"_links":{"self":[{"href":"https:\/\/ange.org.br\/ange\/wp-json\/wp\/v2\/posts\/41246","targetHints":{"allow":["GET"]}}],"collection":[{"href":"https:\/\/ange.org.br\/ange\/wp-json\/wp\/v2\/posts"}],"about":[{"href":"https:\/\/ange.org.br\/ange\/wp-json\/wp\/v2\/types\/post"}],"author":[{"embeddable":true,"href":"https:\/\/ange.org.br\/ange\/wp-json\/wp\/v2\/users\/3"}],"replies":[{"embeddable":true,"href":"https:\/\/ange.org.br\/ange\/wp-json\/wp\/v2\/comments?post=41246"}],"version-history":[{"count":2,"href":"https:\/\/ange.org.br\/ange\/wp-json\/wp\/v2\/posts\/41246\/revisions"}],"predecessor-version":[{"id":41248,"href":"https:\/\/ange.org.br\/ange\/wp-json\/wp\/v2\/posts\/41246\/revisions\/41248"}],"wp:attachment":[{"href":"https:\/\/ange.org.br\/ange\/wp-json\/wp\/v2\/media?parent=41246"}],"wp:term":[{"taxonomy":"category","embeddable":true,"href":"https:\/\/ange.org.br\/ange\/wp-json\/wp\/v2\/categories?post=41246"},{"taxonomy":"post_tag","embeddable":true,"href":"https:\/\/ange.org.br\/ange\/wp-json\/wp\/v2\/tags?post=41246"}],"curies":[{"name":"wp","href":"https:\/\/api.w.org\/{rel}","templated":true}]}}