{"id":41273,"date":"2026-03-25T02:10:47","date_gmt":"2026-03-25T02:10:47","guid":{"rendered":"https:\/\/ange.org.br\/ange\/?p=41273"},"modified":"2026-03-25T02:10:53","modified_gmt":"2026-03-25T02:10:53","slug":"o-stf-e-a-constitucionalidade-da-politica-de-cotas-etnico-raciais","status":"publish","type":"post","link":"https:\/\/ange.org.br\/ange\/2026\/03\/25\/o-stf-e-a-constitucionalidade-da-politica-de-cotas-etnico-raciais\/","title":{"rendered":"O STF e a Constitucionalidade da Pol\u00edtica de Cotas \u00c9tnico-raciais."},"content":{"rendered":"\n<p>Apresenta\u00e7\u00e3o em Confer\u00eancia.<\/p>\n\n\n\n<p>Carlos Leonardo Queiroz Almeida.<\/p>\n\n\n\n<p>2012.<\/p>\n","protected":false},"excerpt":{"rendered":"<p>Apresenta\u00e7\u00e3o em Confer\u00eancia. Carlos Leonardo Queiroz Almeida. 2012.<\/p>\n","protected":false},"author":3,"featured_media":0,"comment_status":"open","ping_status":"open","sticky":false,"template":"","format":"standard","meta":{"_acf_changed":false,"footnotes":""},"categories":[126],"tags":[],"class_list":["post-41273","post","type-post","status-publish","format-standard","hentry","category-carlos-leonardo-queiroz-almeida"],"acf":[],"_links":{"self":[{"href":"https:\/\/ange.org.br\/ange\/wp-json\/wp\/v2\/posts\/41273","targetHints":{"allow":["GET"]}}],"collection":[{"href":"https:\/\/ange.org.br\/ange\/wp-json\/wp\/v2\/posts"}],"about":[{"href":"https:\/\/ange.org.br\/ange\/wp-json\/wp\/v2\/types\/post"}],"author":[{"embeddable":true,"href":"https:\/\/ange.org.br\/ange\/wp-json\/wp\/v2\/users\/3"}],"replies":[{"embeddable":true,"href":"https:\/\/ange.org.br\/ange\/wp-json\/wp\/v2\/comments?post=41273"}],"version-history":[{"count":1,"href":"https:\/\/ange.org.br\/ange\/wp-json\/wp\/v2\/posts\/41273\/revisions"}],"predecessor-version":[{"id":41274,"href":"https:\/\/ange.org.br\/ange\/wp-json\/wp\/v2\/posts\/41273\/revisions\/41274"}],"wp:attachment":[{"href":"https:\/\/ange.org.br\/ange\/wp-json\/wp\/v2\/media?parent=41273"}],"wp:term":[{"taxonomy":"category","embeddable":true,"href":"https:\/\/ange.org.br\/ange\/wp-json\/wp\/v2\/categories?post=41273"},{"taxonomy":"post_tag","embeddable":true,"href":"https:\/\/ange.org.br\/ange\/wp-json\/wp\/v2\/tags?post=41273"}],"curies":[{"name":"wp","href":"https:\/\/api.w.org\/{rel}","templated":true}]}}